{"id":24859,"date":"2023-06-15T05:14:12","date_gmt":"2023-06-15T05:14:12","guid":{"rendered":"https:\/\/www2.rampanel.com\/?p=24859"},"modified":"2023-11-23T07:04:45","modified_gmt":"2023-11-23T07:04:45","slug":"ram-insight-2-2023","status":"publish","type":"post","link":"https:\/\/www2.rampanel.com\/sv\/ram-insight-2-2023\/","title":{"rendered":"RAM Insight #2 2023"},"content":{"rendered":"<div class=\"wpb-content-wrapper\"><p>[vc_row][vc_column][vc_column_text]Sommaren \u00e4r h\u00e4r! Ljuvliga tider n\u00e4r alla ska hinna bli klara med s\u00e5 mycket det bara g\u00e5r innan semestern. Men visst \u00e4r det l\u00e4ttare att spurta n\u00e4r det \u00e4r ljusare och varmare ute? Dock sn\u00f6ade det utanf\u00f6r RAM:s\u00a0nordligaste kontor (Pite\u00e5) i fredags. Huva!<\/p>\n<p>&nbsp;<\/p>\n<hr \/>\n<p>&nbsp;<\/p>\n<p><img decoding=\"async\" class=\"alignright\" src=\"https:\/\/d18h4zkkfof1if.cloudfront.net\/cdn\/ONE\/507\/Zg4gHUrMQb6ppMwSIeTc_IBL_320.png\" \/>Snart g\u00f6r vi den sista systemuppdateringen innan sommarledigheterna. I den kommer bl.a. v\u00e5r nya m\u00e4tning\u00a0<b>Inviso BrandLift<\/b>\u00a0som vi kommer att presentera mer ing\u00e5ende n\u00e4r den finns tillg\u00e4nglig. I korta drag \u00e4r det<br \/>\nen effektm\u00e4tning f\u00f6r digitala kampanjer som inneh\u00e5ller de centrala KPI:erna; observation, varum\u00e4rkesk\u00e4nnedom,\u00a0relevans, liking, t\u00e4nkbarhet och action intent. M\u00e4tningen g\u00f6rs i m\u00e5lgruppen bland de exponerade vs.\u00a0oexponerade.<br \/>\nMer information kommer!<\/p>\n<p>&nbsp;<\/p>\n<hr \/>\n<p>&nbsp;<\/p>\n<p>F\u00f6r andra \u00e5ret i rad har RAM unders\u00f6kt\u00a0<b>svenskarnas semesterplaner<\/b>\u00a0f\u00f6r sommaren. Resem\u00e5l, logi, f\u00e4rdmedel, inspiration m.m. Som tidigare har n\u00e4stan var fj\u00e4rde person inte \u00e4nnu best\u00e4mt sig och \u00e4r allts\u00e5 p\u00e5verkbara.<br \/>\nVi ser en hel del trender f\u00f6r i \u00e5r. 2022 var det fr\u00e4msta m\u00e5let med semesterresan att uppleva naturen &#8211; 2023 har detta bytts ut mot mat, fest\/nattliv och kultur. Generationsresorna och storstadssemestern har \u00f6kat mycket &#8211; \u00e4r det ett uppsving som beror p\u00e5 pandemins avslut?<br \/>\nVi ser en signifikant \u00f6kning i gruppen som ska semestra utomlands och vilken form av transport man v\u00e4ljer. N\u00e4mligen att t\u00e5get \u00e4r v\u00e4ldigt popul\u00e4rt i \u00e5r. \u00c4r det kanske den nya m\u00f6jligheten att kunna \u00e5ka t\u00e5g direkt till\u00a0Tyskland som bidrar?<\/p>\n<p><img decoding=\"async\" src=\"https:\/\/d18h4zkkfof1if.cloudfront.net\/cdn\/ONE\/507\/rweoYPYvRfW0J2cwdh0m_AntalSemesterresa_640.png\" \/><\/p>\n<p>&nbsp;<\/p>\n<p><img decoding=\"async\" class=\"alignleft\" src=\"https:\/\/d18h4zkkfof1if.cloudfront.net\/cdn\/ONE\/507\/S5X1J8AZR92B4r6L2XXf_Destinationer_320.png\" \/><\/p>\n<p>&nbsp;<\/p>\n<p>Det ekonomiska l\u00e4get ser vi m\u00e5nga sp\u00e5r av i unders\u00f6kningsresultatet. Andelen som v\u00e4ljer att bo p\u00e5 hotell p\u00e5 sin semesterresa har minskat rej\u00e4lt b\u00e5de f\u00f6r inrikes- och utrikesresor. Inrikes \u00e4r det boende hos v\u00e4nner\/bekanta\/sl\u00e4kt eller camping som ersatt. Utrikes \u00e4r det en stor andel som kommer hyra hus\/stuga ist\u00e4llet f\u00f6r att bo p\u00e5 hotell. M\u00e5nga av de som \u00e4nnu inte best\u00e4mt semesterplaner f\u00f6r sommaren anger det f\u00f6r\u00e4ndrade privatekonomiska l\u00e4get som orsak.<br \/>\nF\u00f6r att ta del av hela unders\u00f6kningen h\u00f6r du av dig till oss\u00a0<b><a href=\"mailto:sales@rampanel.com\" target=\"_blank\" rel=\"noopener\">h\u00e4r &gt;&gt;<\/a><\/b><br \/>\nTack ni kunder som var med och unders\u00f6kte \u00e5rets semesterplaner i er m\u00e5lgrupp!<br \/>\nVi hoppas insikterna kommer\u00a0v\u00e4l till pass!\u00a0.<\/p>\n<p>&nbsp;<\/p>\n<p>&nbsp;<\/p>\n<p>&nbsp;<\/p>\n<p><b><img decoding=\"async\" class=\"alignright\" src=\"https:\/\/d18h4zkkfof1if.cloudfront.net\/cdn\/ONE\/507\/PkCPiuDxTRG2PMQPcp3G_Semester_320.png\" \/><\/b><br \/>\nInspiration till semesterresa:<br \/>\n1. Egna s\u00f6kningar\/Googlingar online 53%<br \/>\n2. V\u00e4nner och familj 48%<br \/>\n3. Sociala medier \u2013 anv\u00e4ndares tips och\/ eller bilder\/inl\u00e4gg 27%<br \/>\n4. Rese- och semesterreportage i magasin\/tidskrifter 26%<br \/>\n5. Researrang\u00f6rernas egna hemsidor 16%<br \/>\n6. Annonser i magasin\/tidskrifter 11%<br \/>\n7. Sociala medier \u2013 sponsrade inl\u00e4gg fr\u00e5n researrang\u00f6rer\/hotell 10%<br \/>\n8. Nyhetsbrev\/E-postreklam 7%<br \/>\n9. Annonser i dags\/kv\u00e4llstidningen 4%<br \/>\n10. Annonser online\/p\u00e5 webben eller i mobilen 4%<br \/>\n11. TV-reklam 3%<br \/>\n12. Direktreklam (reklam i brevl\u00e5dan) 1%<br \/>\n13. Radio-reklam 1%.<\/p>\n<p>&nbsp;<\/p>\n<p>Vi p\u00e5 RAM vill \u00f6nska dig en riktigt fin sommar!<\/p>\n<p>&nbsp;<\/p>\n<p><img decoding=\"async\" src=\"https:\/\/d18h4zkkfof1if.cloudfront.net\/cdn\/ONE\/507\/uYQgEyy7Tuw0OMteWpjQ_Summer_640.png\" \/>[\/vc_column_text][\/vc_column][\/vc_row]<\/p>\n<\/div>","protected":false},"excerpt":{"rendered":"<p>[vc_row][vc_column][vc_column_text]Sommaren \u00e4r h\u00e4r! Ljuvliga tider n\u00e4r alla ska hinna bli klara med s\u00e5 mycket det bara g\u00e5r innan semestern. Men visst \u00e4r det l\u00e4ttare att spurta n\u00e4r det \u00e4r ljusare och varmare ute? Dock sn\u00f6ade det utanf\u00f6r RAM:s\u00a0nordligaste kontor (Pite\u00e5) i fredags. Huva! &nbsp; &nbsp; Snart g\u00f6r vi den sista systemuppdateringen innan sommarledigheterna. I den&hellip;<\/p>\n","protected":false},"author":12,"featured_media":0,"comment_status":"closed","ping_status":"open","sticky":false,"template":"","format":"standard","meta":{"footnotes":""},"categories":[932,969],"tags":[],"class_list":["post-24859","post","type-post","status-publish","format-standard","hentry","category-news-press-sv-2","category-newsletters","category-932","category-969","description-off"],"_links":{"self":[{"href":"https:\/\/www2.rampanel.com\/sv\/wp-json\/wp\/v2\/posts\/24859","targetHints":{"allow":["GET"]}}],"collection":[{"href":"https:\/\/www2.rampanel.com\/sv\/wp-json\/wp\/v2\/posts"}],"about":[{"href":"https:\/\/www2.rampanel.com\/sv\/wp-json\/wp\/v2\/types\/post"}],"author":[{"embeddable":true,"href":"https:\/\/www2.rampanel.com\/sv\/wp-json\/wp\/v2\/users\/12"}],"replies":[{"embeddable":true,"href":"https:\/\/www2.rampanel.com\/sv\/wp-json\/wp\/v2\/comments?post=24859"}],"version-history":[{"count":6,"href":"https:\/\/www2.rampanel.com\/sv\/wp-json\/wp\/v2\/posts\/24859\/revisions"}],"predecessor-version":[{"id":24865,"href":"https:\/\/www2.rampanel.com\/sv\/wp-json\/wp\/v2\/posts\/24859\/revisions\/24865"}],"wp:attachment":[{"href":"https:\/\/www2.rampanel.com\/sv\/wp-json\/wp\/v2\/media?parent=24859"}],"wp:term":[{"taxonomy":"category","embeddable":true,"href":"https:\/\/www2.rampanel.com\/sv\/wp-json\/wp\/v2\/categories?post=24859"},{"taxonomy":"post_tag","embeddable":true,"href":"https:\/\/www2.rampanel.com\/sv\/wp-json\/wp\/v2\/tags?post=24859"}],"curies":[{"name":"wp","href":"https:\/\/api.w.org\/{rel}","templated":true}]}}